{"id":84776,"date":"2025-09-23T10:15:54","date_gmt":"2025-09-23T10:15:54","guid":{"rendered":"https:\/\/irinacherry.com\/?p=84776"},"modified":"2025-09-25T13:32:56","modified_gmt":"2025-09-25T13:32:56","slug":"84776","status":"publish","type":"post","link":"https:\/\/irinacherry.com\/en\/2025\/09\/23\/84776\/","title":{"rendered":"Avem fi\u0219e de post\u2026 dar oare ele ne ajut\u0103 cu adev\u0103rat?"},"content":{"rendered":"<p>[et_pb_section fb_built=&#8221;1&#8243; _builder_version=&#8221;4.27.4&#8243; _module_preset=&#8221;default&#8221; global_colors_info=&#8221;{}&#8221; theme_builder_area=&#8221;post_content&#8221;][et_pb_row _builder_version=&#8221;4.27.4&#8243; _module_preset=&#8221;default&#8221; global_colors_info=&#8221;{}&#8221; theme_builder_area=&#8221;post_content&#8221;][et_pb_column type=&#8221;4_4&#8243; _builder_version=&#8221;4.27.4&#8243; _module_preset=&#8221;default&#8221; global_colors_info=&#8221;{}&#8221; theme_builder_area=&#8221;post_content&#8221;][et_pb_text admin_label=&#8221;Text&#8221; _builder_version=&#8221;4.27.4&#8243; _module_preset=&#8221;default&#8221; global_colors_info=&#8221;{}&#8221; theme_builder_area=&#8221;post_content&#8221;]<\/p>\n<h1 style=\"text-align: center;\"><span style=\"color: #000000;\"><strong>Avem fi\u0219e de post\u2026 dar oare ele ne ajut\u0103 cu adev\u0103rat?<\/strong><\/span><\/h1>\n<p>[\/et_pb_text][et_pb_image src=&#8221;https:\/\/irinacherry.com\/wp-content\/uploads\/2025\/09\/poza-irina-blog-11.png&#8221; title_text=&#8221;poza irina blog (11)&#8221; _builder_version=&#8221;4.27.4&#8243; _module_preset=&#8221;default&#8221; hover_enabled=&#8221;0&#8243; global_colors_info=&#8221;{}&#8221; theme_builder_area=&#8221;post_content&#8221; sticky_enabled=&#8221;0&#8243;][\/et_pb_image][et_pb_text admin_label=&#8221;Text&#8221; _builder_version=&#8221;4.27.4&#8243; _module_preset=&#8221;default&#8221; global_colors_info=&#8221;{}&#8221; theme_builder_area=&#8221;post_content&#8221;]<\/p>\n<p><span style=\"font-weight: 400; color: #000000;\">Fi\u0219ele de post sunt adesea criticate din mai multe unghiuri, at\u00e2t de c\u0103tre companii, c\u00e2t \u0219i de c\u0103tre angaja\u021bi:<\/span><\/p>\n<ul>\n<li style=\"font-weight: 400;\" aria-level=\"1\"><span style=\"color: #000000;\"><strong>Lipsa clarit\u0103\u021bii<\/strong><span style=\"font-weight: 400;\">: descrieri generale, responsabilit\u0103\u021bi neprecizate, ambiguit\u0103\u021bi. Acest lucru duce la a\u0219tept\u0103ri diferite \u00eentre manager \u0219i angajat.<\/span><span style=\"font-weight: 400;\"><\/span><\/span><\/li>\n<li style=\"font-weight: 400;\" aria-level=\"1\"><span style=\"color: #000000;\"><b>Dep\u0103\u0219ite rapid<\/b><span style=\"font-weight: 400;\">: rolurile evolueaz\u0103 \u2013 tehnologia, proiectele, pie\u021bele se schimb\u0103 \u2013 dar fi\u0219ele de post r\u0103m\u00e2n statice. Asta poate genera nealinieri, frustr\u0103ri \u0219i pierderi de productivitate. Conform TalentGuard, job descriptions neactualizate creeaz\u0103 mis-aliniere \u00eentre nevoile business-ului \u0219i competen\u021bele angaja\u021bilor.<\/span><a href=\"https:\/\/www.talentguard.com\/blog\/keeping-up-with-change-job-description-management?utm_source=chatgpt.com\" style=\"color: #000000;\"> <span style=\"font-weight: 400;\">TalentGuard<\/span><span style=\"font-weight: 400;\"><\/span><\/a><\/span><\/li>\n<li style=\"font-weight: 400;\" aria-level=\"1\"><span style=\"color: #000000;\"><b>Instrument formal, nu conversa\u021bional<\/b><span style=\"font-weight: 400;\">: fi\u0219ele sunt adesea documente \u201easem\u0103n\u0103toare contractelor\u201d, semnate, arhivate \u0219i uitate. Ele nu devin punct de pornire pentru dezvoltare, feedback, cre\u0219tere. Baylor University HR spune c\u0103 descrierea jobului ar trebui s\u0103 fie un instrument interactiv \u00eentre manager \u0219i angajat, nu doar formalism.<\/span><a href=\"https:\/\/hr.web.baylor.edu\/news\/story\/2023\/updating-and-maintaining-job-descriptions?utm_source=chatgpt.com\" style=\"color: #000000;\"> <span style=\"font-weight: 400;\">hr.web.baylor.edu<\/span><span style=\"font-weight: 400;\"><\/span><\/a><\/span><\/li>\n<\/ul>\n<p><span style=\"color: #000000;\"><b>Atrac\u021bie \u0219i reten\u021bie afectate<\/b><span style=\"font-weight: 400;\">: descrierile neclare sau neconving\u0103toare pot descuraja candida\u021bii potrivi\u021bi \u0219i pot face ca angaja\u021bii s\u0103 fie nemul\u021bumi\u021bi din cauza diferen\u021bei dintre a\u0219tept\u0103ri \u0219i realitate. Articolul <\/span><i><span style=\"font-weight: 400;\">\u201c12 Best Practices for Writing Job Descriptions That Attract Top Talent\u201d<\/span><\/i><span style=\"font-weight: 400;\"> subliniaz\u0103 c\u0103 peste jum\u0103tate dintre candida\u021bi se uit\u0103 la descrierea postului \u00eenainte de a aplica \u0219i c\u0103 dac\u0103 aceasta nu este bine f\u0103cut\u0103, compania pierde talente.<\/span><a href=\"https:\/\/www.hrmorning.com\/articles\/best-practices-write-job-descriptions\/?utm_source=chatgpt.com\" style=\"color: #000000;\"> <span style=\"font-weight: 400;\">HRMorning<\/span><span style=\"font-weight: 400;\"><\/span><\/a><\/span><\/p>\n<h3><span style=\"color: #000000;\">Ce solutii avem?\u00a0<\/span><\/h3>\n<p><span style=\"font-weight: 400; color: #000000;\">Pentru a aborda aceste probleme, mai multe organiza\u021bii \u0219i cercet\u0103ri au recomandat sau implementat practici care cresc relevan\u021ba \u0219i utilitatea fi\u0219elor de post:<\/span><\/p>\n<p>[\/et_pb_text][et_pb_image src=&#8221;https:\/\/irinacherry.com\/wp-content\/uploads\/2025\/09\/poza-irina-blog-8.png&#8221; title_text=&#8221;poza irina blog (8)&#8221; _builder_version=&#8221;4.27.4&#8243; _module_preset=&#8221;default&#8221; global_colors_info=&#8221;{}&#8221; theme_builder_area=&#8221;post_content&#8221;][\/et_pb_image][et_pb_text admin_label=&#8221;Text&#8221; _builder_version=&#8221;4.27.4&#8243; _module_preset=&#8221;default&#8221; overflow-x=&#8221;auto&#8221; overflow-y=&#8221;auto&#8221; custom_margin=&#8221;||50px||false|false&#8221; custom_padding=&#8221;||200px||false|false&#8221; global_colors_info=&#8221;{}&#8221; theme_builder_area=&#8221;post_content&#8221;]<\/p>\n<h3><span style=\"color: #000000;\">Putem crea o nou\u0103 perspectiv\u0103<\/span><\/h3>\n<p><span style=\"color: #000000;\"><span style=\"font-weight: 400;\">Pentru a inova \u0219i a crea fi\u0219e de post care nu doar definesc roluri, dar inspir\u0103, motiveaz\u0103 \u0219i clarific\u0103 sensul, propun includerea a <\/span><b>3 \u00eentreb\u0103ri fundamentale<\/b><span style=\"font-weight: 400;\"> (3 MIQ &#8211; Most important questions) \u00een fiecare fi\u0219\u0103 de post:<\/span><\/span><\/p>\n<ol>\n<li style=\"font-weight: 400;\" aria-level=\"1\"><span style=\"color: #000000;\"><b>Ce vrei s\u0103 faci?<\/b><b><br \/><\/b> <i><span style=\"font-weight: 400;\">Ce responsabilit\u0103\u021bi \u0219i sarcini specifice? Ce expertiz\u0103 sau competen\u021be practic vei utiliza \/ dezvolta?<\/span><\/i><i><span style=\"font-weight: 400;\"><br \/><\/span><\/i><span style=\"font-weight: 400;\"> \u2192 Acesta r\u0103spunde la competen\u021bele tehnice \u0219i cuno\u0219tin\u021bele necesare.<\/span><span style=\"font-weight: 400;\"><\/span><\/span><\/li>\n<li style=\"font-weight: 400;\" aria-level=\"1\"><span style=\"color: #000000;\"><b>De ce le faci?<\/b><b><br \/><\/b> <i><span style=\"font-weight: 400;\">Care este scopul rolului? Cum contribuie la misiunea companiei, valorile sale, la echip\u0103 sau la clien\u021bi?<\/span><\/i><i><span style=\"font-weight: 400;\"><br \/><\/span><\/i><span style=\"font-weight: 400;\"> \u2192 R\u0103spunde la sensul spiritual sau valoric &#8211; leg\u0103tura cu ceva mai mare dec\u00e2t sarcin\u0103 individual\u0103.<\/span><span style=\"font-weight: 400;\"><\/span><\/span><\/li>\n<li style=\"font-weight: 400;\" aria-level=\"1\"><span style=\"color: #000000;\"><b>Cum vrei s\u0103 contribui?<\/b><b><br \/><\/b> <i><span style=\"font-weight: 400;\">Care sunt comportamentele, atitudinile, metodele prin care \u00ee\u021bi propui s\u0103 realizezi aceste responsabilit\u0103\u021bi \u0219i scop? Cum colaborezi, comunici, inovezi, e\u015fti empatic?<\/span><\/i><i><span style=\"font-weight: 400;\"><br \/><\/span><\/i><span style=\"font-weight: 400;\"> \u2192 R\u0103spunde la\u00a0 \u2014 rela\u021bionare, inteligen\u021b\u0103 emo\u021bional\u0103, modul \u00een care lucrezi cu ceilal\u021bi.<\/span><span style=\"font-weight: 400;\"><\/span><\/span><\/li>\n<\/ol>\n<h3><span style=\"color: #000000;\"><b>Practic, cum ar ar\u0103ta o fi\u0219\u0103 de post cu 3 MIQ integrate (exemplu):\u00a0<\/b><\/span><\/h3>\n<h2><span style=\"color: #000000;\">Fi\u0219\u0103 de post cu 3 MIQ \u2013 Manager Proiecte IT<\/span><\/h2>\n<p><span style=\"color: #000000;\"><b>Titlu rol:<\/b><span style=\"font-weight: 400;\"> Manager Proiecte IT<\/span><\/span><\/p>\n<p><span style=\"color: #000000;\"><b>Scop general:<\/b><span style=\"font-weight: 400;\"> Coordonezi proiecte software de la specifica\u021bii p\u00e2n\u0103 la livrare, asigur\u00e2ndu-te c\u0103 rezultatele sunt de calitate, livrate la timp \u0219i respect\u0103 bugetul.<\/span><\/span><\/p>\n<p><span style=\"color: #000000;\"><b>3 MIQ<\/b><\/span><\/p>\n<p><span style=\"color: #000000;\"><b>Ce vreau s\u0103 fac:<\/b><\/span><\/p>\n<ul>\n<li style=\"font-weight: 400;\" aria-level=\"1\"><span style=\"color: #000000;\"><span style=\"font-weight: 400;\">Definesc sarcinile tehnice, planific resursele, gestionez riscurile \u0219i comunic cu stakeholderii.<\/span><span style=\"font-weight: 400;\"><\/span><\/span><\/li>\n<li style=\"font-weight: 400;\" aria-level=\"1\"><span style=\"color: #000000;\"><span style=\"font-weight: 400;\">Dezvolt echipa tehnic\u0103, ofer coaching \u0219i mentorat intern.<\/span><span style=\"font-weight: 400;\"><\/span><\/span><\/li>\n<\/ul>\n<p><span style=\"color: #000000;\"><b>De ce fac asta:<\/b><\/span><\/p>\n<ul>\n<li style=\"font-weight: 400;\" aria-level=\"1\"><span style=\"color: #000000;\"><span style=\"font-weight: 400;\">Pentru a livra solu\u021bii care aduc valoare real\u0103 clien\u021bilor \u0219i utilizatorilor.<\/span><span style=\"font-weight: 400;\"><\/span><\/span><\/li>\n<li style=\"font-weight: 400;\" aria-level=\"1\"><span style=\"color: #000000;\"><span style=\"font-weight: 400;\">Pentru a sus\u021bine cre\u0219terea organiza\u021bional\u0103 \u0219i reputa\u021bia companiei ca furnizor de solu\u021bii fiabile.<\/span><span style=\"font-weight: 400;\"><\/span><\/span><\/li>\n<li style=\"font-weight: 400;\" aria-level=\"1\"><span style=\"color: #000000;\"><span style=\"font-weight: 400;\">Pentru a crea un mediu de lucru \u00een care echipa s\u0103 fie motivat\u0103, implicat\u0103 \u0219i s\u0103 evolueze.<\/span><span style=\"font-weight: 400;\"><\/span><\/span><\/li>\n<\/ul>\n<p><span style=\"color: #000000;\"><b>Cum vreau s\u0103 contribui:<\/b><\/span><\/p>\n<ul>\n<li style=\"font-weight: 400;\" aria-level=\"1\"><span style=\"color: #000000;\"><span style=\"font-weight: 400;\">Prin comunicare transparent\u0103 \u0219i proactiv\u0103 \u2013 \u00eent\u00e2lniri regulate, raport\u0103ri clare.<\/span><span style=\"font-weight: 400;\"><\/span><\/span><\/li>\n<li style=\"font-weight: 400;\" aria-level=\"1\"><span style=\"color: #000000;\"><span style=\"font-weight: 400;\">Prin feedback continuu \u0219i receptiv \u2013 nu doar c\u00e2nd apar probleme, ci \u0219i c\u00e2nd lucrurile merg bine.<\/span><span style=\"font-weight: 400;\"><\/span><\/span><\/li>\n<li style=\"font-weight: 400;\" aria-level=\"1\"><span style=\"color: #000000;\"><span style=\"font-weight: 400;\">Prin inova\u021bie: propun \u00eembun\u0103t\u0103\u021biri de procese, adopt bune practici \u0219i tehnologii noi.<\/span><span style=\"font-weight: 400;\"><\/span><\/span><\/li>\n<\/ul>\n<p><span style=\"color: #000000;\"><b>Alte sec\u021biuni utile:<\/b><span style=\"font-weight: 400;\"> cerin\u021be (experien\u021b\u0103, educa\u021bie, competen\u021be), KPI, interac\u021biuni cheie, resurse, limite de decizie, criterii de succes, oportunit\u0103\u021bi de dezvoltare.<\/span><\/span><\/p>\n<h2><span style=\"color: #000000;\">\ud83d\udd39 Fi\u0219\u0103 de post cu 3 MIQ \u2013 Project Manager Construc\u021bii Civile&amp;Industriale<\/span><\/h2>\n<p><span style=\"color: #000000;\"><b>Titlu rol:<\/b><span style=\"font-weight: 400;\"> Project Manager \u2013 Construc\u021bii Civile&amp;Industriale<\/span><\/span><\/p>\n<p><span style=\"color: #000000;\"><b>Scop general:<\/b><span style=\"font-weight: 400;\"> Coordonezi proiectele de construc\u021bii de la planificare p\u00e2n\u0103 la finalizare, asigur\u00e2nd respectarea termenelor, bugetului \u0219i standardelor de calitate \u0219i siguran\u021b\u0103.<\/span><\/span><\/p>\n<p><span style=\"color: #000000;\"><b>3 MIQ<\/b><\/span><\/p>\n<p><span style=\"color: #000000;\"><b>Ce vreau s\u0103 fac:<\/b><\/span><\/p>\n<ul>\n<li style=\"font-weight: 400;\" aria-level=\"1\"><span style=\"color: #000000;\"><span style=\"font-weight: 400;\">Elaborez planul de execu\u021bie \u0219i bugetul proiectului.<\/span><span style=\"font-weight: 400;\"><\/span><\/span><\/li>\n<li style=\"font-weight: 400;\" aria-level=\"1\"><span style=\"color: #000000;\"><span style=\"font-weight: 400;\">Coordonez echipele de \u0219antier, subcontractorii \u0219i furnizorii.<\/span><span style=\"font-weight: 400;\"><\/span><\/span><\/li>\n<li style=\"font-weight: 400;\" aria-level=\"1\"><span style=\"color: #000000;\"><span style=\"font-weight: 400;\">Monitorizez progresul, calitatea \u0219i respectarea normativelor.<\/span><span style=\"font-weight: 400;\"><\/span><\/span><\/li>\n<li style=\"font-weight: 400;\" aria-level=\"1\"><span style=\"color: #000000;\"><span style=\"font-weight: 400;\">Raportez managementului \u0219i beneficiarilor stadiul proiectului.<\/span><span style=\"font-weight: 400;\"><\/span><\/span><\/li>\n<\/ul>\n<p><span style=\"color: #000000;\"><b>De ce fac asta:<\/b><\/span><\/p>\n<ul>\n<li style=\"font-weight: 400;\" aria-level=\"1\"><span style=\"color: #000000;\"><span style=\"font-weight: 400;\">Pentru a livra proiecte sigure, func\u021bionale \u0219i sustenabile.<\/span><span style=\"font-weight: 400;\"><\/span><\/span><\/li>\n<li style=\"font-weight: 400;\" aria-level=\"1\"><span style=\"color: #000000;\"><span style=\"font-weight: 400;\">Pentru a \u00eent\u0103ri reputa\u021bia companiei ca partener de \u00eencredere pe pia\u021ba construc\u021biilor.<\/span><span style=\"font-weight: 400;\"><\/span><\/span><\/li>\n<li style=\"font-weight: 400;\" aria-level=\"1\"><span style=\"color: #000000;\"><span style=\"font-weight: 400;\">Pentru a optimiza resursele \u0219i a reduce riscurile, aduc\u00e2nd valoare real\u0103 clien\u021bilor.<\/span><span style=\"font-weight: 400;\"><\/span><\/span><\/li>\n<\/ul>\n<p><span style=\"color: #000000;\"><b>Cum vreau s\u0103 contribui:<\/b><\/span><\/p>\n<ul>\n<li style=\"font-weight: 400;\" aria-level=\"1\"><span style=\"color: #000000;\"><span style=\"font-weight: 400;\">Prin leadership bazat pe integritate \u0219i exemplu personal pe \u0219antier.<\/span><span style=\"font-weight: 400;\"><\/span><\/span><\/li>\n<li style=\"font-weight: 400;\" aria-level=\"1\"><span style=\"color: #000000;\"><span style=\"font-weight: 400;\">Prin colaborare str\u00e2ns\u0103 cu arhitec\u021bi, ingineri \u0219i autorit\u0103\u021bi.<\/span><span style=\"font-weight: 400;\"><\/span><\/span><\/li>\n<li style=\"font-weight: 400;\" aria-level=\"1\"><span style=\"color: #000000;\"><span style=\"font-weight: 400;\">Prin implementarea de solu\u021bii inovatoare \u0219i sustenabile (tehnologii verzi, eficien\u021b\u0103 energetic\u0103).<\/span><span style=\"font-weight: 400;\"><\/span><\/span><\/li>\n<\/ul>\n<p><span style=\"color: #000000;\"><b>Alte sec\u021biuni utile:<\/b><span style=\"font-weight: 400;\"> cerin\u021be (studii superioare \u00een construc\u021bii, 5+ ani experien\u021b\u0103, cuno\u0219tin\u021be legisla\u021bie construc\u021bii, MS Project\/Primavera), KPI (termene, calitate, buget, satisfac\u021bia clientului), interac\u021biuni cheie, limite de decizie, oportunit\u0103\u021bi de dezvoltare.<\/span><\/span><\/p>\n<h2><span style=\"color: #000000;\">\ud83d\udd39 Fi\u0219\u0103 de post cu 3 MIQ \u2013 Team Leader Echipa Medical\u0103<\/span><\/h2>\n<p><span style=\"color: #000000;\"><b>Titlu rol:<\/b><span style=\"font-weight: 400;\"> Team Leader \u2013 Echipa medical\u0103<\/span><\/span><\/p>\n<p><span style=\"color: #000000;\"><b>Scop general:<\/b><span style=\"font-weight: 400;\"> Coordonezi echipa de asisten\u021bi medicali pentru a oferi servicii de calitate pacien\u021bilor, \u00een conformitate cu protocoalele medicale \u0219i valorile companiei.<\/span><\/span><\/p>\n<p><span style=\"color: #000000;\"><b>3 MIQ<\/b><\/span><\/p>\n<p><span style=\"color: #000000;\"><b>Ce vreau s\u0103 fac:<\/b><\/span><\/p>\n<ul>\n<li style=\"font-weight: 400;\" aria-level=\"1\"><span style=\"color: #000000;\"><span style=\"font-weight: 400;\">Organizez programul \u0219i activit\u0103\u021bile zilnice ale echipei.<\/span><span style=\"font-weight: 400;\"><\/span><\/span><\/li>\n<li style=\"font-weight: 400;\" aria-level=\"1\"><span style=\"color: #000000;\"><span style=\"font-weight: 400;\">Monitorizez respectarea procedurilor medicale \u0219i a normelor de igien\u0103 \u0219i siguran\u021b\u0103.<\/span><span style=\"font-weight: 400;\"><\/span><\/span><\/li>\n<li style=\"font-weight: 400;\" aria-level=\"1\"><span style=\"color: #000000;\"><span style=\"font-weight: 400;\">Sus\u021bin \u0219i ghidez noii angaja\u021bi \u0219i colegii din echip\u0103.<\/span><span style=\"font-weight: 400;\"><\/span><\/span><\/li>\n<li style=\"font-weight: 400;\" aria-level=\"1\"><span style=\"color: #000000;\"><span style=\"font-weight: 400;\">Raportez managerului medical activitatea echipei.<\/span><span style=\"font-weight: 400;\"><\/span><\/span><\/li>\n<\/ul>\n<p><span style=\"color: #000000;\"><b>De ce fac asta:<\/b><\/span><\/p>\n<ul>\n<li style=\"font-weight: 400;\" aria-level=\"1\"><span style=\"color: #000000;\"><span style=\"font-weight: 400;\">Pentru a asigura o \u00eengrijire de calitate \u0219i siguran\u021b\u0103 pacien\u021bilor.<\/span><span style=\"font-weight: 400;\"><\/span><\/span><\/li>\n<li style=\"font-weight: 400;\" aria-level=\"1\"><span style=\"color: #000000;\"><span style=\"font-weight: 400;\">Pentru a contribui la misiunea organiza\u021biei de a \u00eembun\u0103t\u0103\u021bi s\u0103n\u0103tatea comunit\u0103\u021bii.<\/span><span style=\"font-weight: 400;\"><\/span><\/span><\/li>\n<li style=\"font-weight: 400;\" aria-level=\"1\"><span style=\"color: #000000;\"><span style=\"font-weight: 400;\">Pentru a crea un mediu de lucru empatic, respectuos \u0219i profesionist.<\/span><span style=\"font-weight: 400;\"><\/span><\/span><\/li>\n<\/ul>\n<p><span style=\"color: #000000;\"><b>Cum vreau s\u0103 contribui:<\/b><\/span><\/p>\n<ul>\n<li style=\"font-weight: 400;\" aria-level=\"1\"><span style=\"color: #000000;\"><span style=\"font-weight: 400;\">Prin comunicare clar\u0103 \u0219i empatic\u0103 cu echipa \u0219i pacien\u021bii.<\/span><span style=\"font-weight: 400;\"><\/span><\/span><\/li>\n<li style=\"font-weight: 400;\" aria-level=\"1\"><span style=\"color: #000000;\"><span style=\"font-weight: 400;\">Prin feedback constructiv \u0219i sprijin constant pentru dezvoltarea colegilor.<\/span><span style=\"font-weight: 400;\"><\/span><\/span><\/li>\n<li style=\"font-weight: 400;\" aria-level=\"1\"><span style=\"color: #000000;\"><span style=\"font-weight: 400;\">Prin adoptarea \u0219i promovarea celor mai bune practici medicale.<\/span><span style=\"font-weight: 400;\"><\/span><\/span><\/li>\n<\/ul>\n<p><span style=\"color: #000000;\"><b>Alte sec\u021biuni utile:<\/b><span style=\"font-weight: 400;\"> cerin\u021be (diplom\u0103 de asistent medical generalist, 3+ ani experien\u021b\u0103, abilit\u0103\u021bi de coordonare, certific\u0103ri suplimentare), KPI (satisfac\u021bia pacien\u021bilor, respectarea protocoalelor, eficien\u021ba echipei, reducerea erorilor), interac\u021biuni cheie, limite de decizie, oportunit\u0103\u021bi de dezvoltare.<\/span><\/span><\/p>\n<h3><\/h3>\n<h3><span style=\"color: #000000;\">Beneficii:\u00a0<\/span><\/h3>\n<p><span style=\"font-weight: 400; color: #000000;\">Integrarea celor 3 MIQ ar putea produce:<\/span><\/p>\n<ul>\n<li style=\"font-weight: 400;\" aria-level=\"1\"><span style=\"color: #000000;\"><span style=\"font-weight: 400;\">un accent mai mare pe motiva\u021bie \u0219i aliniere \u00eentre valorile personale \u0219i cele ale companiei;<\/span><span style=\"font-weight: 400;\"><\/span><\/span><\/li>\n<li style=\"font-weight: 400;\" aria-level=\"1\"><span style=\"color: #000000;\"><span style=\"font-weight: 400;\">clarificarea nu doar a ce trebuie f\u0103cut, dar \u0219i a rolului \u00een ecua\u021bia mai mare \u2014 ceea ce reduce sentimentul de \u201ejob de robot\u201d sau de rol f\u0103r\u0103 sens;<\/span><span style=\"font-weight: 400;\"><\/span><\/span><\/li>\n<li style=\"font-weight: 400;\" aria-level=\"1\"><span style=\"color: #000000;\"><span style=\"font-weight: 400;\">cre\u0219terea responsabiliz\u0103rii \u2013 angajatul nu doar execut\u0103, ci decide <\/span><i><span style=\"font-weight: 400;\">cum<\/span><\/i><span style=\"font-weight: 400;\"> execut\u0103 \u00een func\u021bie de cum vrea s\u0103 contribuie;<\/span><span style=\"font-weight: 400;\"><\/span><\/span><\/li>\n<li style=\"font-weight: 400;\" aria-level=\"1\"><span style=\"color: #000000;\"><span style=\"font-weight: 400;\">\u00eembun\u0103t\u0103\u021biri \u00een recrutare, reten\u021bie \u0219i satisfac\u021bie, pentru c\u0103 rolul devine mai atractiv \u0219i mai realist \u00een descriere.<\/span><span style=\"font-weight: 400;\"><\/span><\/span><\/li>\n<\/ul>\n<h3><span style=\"color: #000000;\">Concluzie<\/span><\/h3>\n<p><span style=\"color: #000000;\"><span style=\"font-weight: 400;\">Fi\u0219ele de post au poten\u021bial s\u0103 fie mai mult dec\u00e2t foi cu liste de sarcini: pot fi catalizatori de performan\u021b\u0103, coeziune, motiva\u021bie \u0219i satisfac\u021bie la locul de munc\u0103. Integrarea celor <\/span><b>3 MIQ<\/b><span style=\"font-weight: 400;\"> (3 Most Important Questions) le-ar transforma \u00een instrumente holistic-umane, nu doar administrative.<\/span><\/span><\/p>\n<p><span style=\"color: #000000;\"><span style=\"font-weight: 400;\">Cred c\u0103 e momentul ca organiza\u021biile s\u0103 adopte aceast\u0103 abordare \u2014 \u0219i cei care o fac vor fi cu un pas \u00eenainte \u00een construirea unei culturi unde angajatul vede nu doar <\/span><i><span style=\"font-weight: 400;\">ce face<\/span><\/i><span style=\"font-weight: 400;\">, ci \u0219i <\/span><i><span style=\"font-weight: 400;\">de ce conteaz\u0103<\/span><\/i><span style=\"font-weight: 400;\"> ce face \u0219i <\/span><i><span style=\"font-weight: 400;\">cum vrea s\u0103 fac\u0103<\/span><\/i><span style=\"font-weight: 400;\">.<\/span><\/span><\/p>\n<p><span style=\"color: #000000;\"><span style=\"font-weight: 400;\"><\/span><\/span><\/p>\n<p><span style=\"color: #000000;\"><span style=\"font-weight: 400;\"><\/span><\/span><\/p>\n<p><span style=\"color: #000000;\"><span style=\"font-weight: 400;\"><\/span><\/span><\/p>\n<p>[\/et_pb_text][\/et_pb_column][\/et_pb_row][et_pb_row _builder_version=&#8221;4.27.4&#8243; _module_preset=&#8221;default&#8221; global_colors_info=&#8221;{}&#8221; theme_builder_area=&#8221;post_content&#8221;][et_pb_column type=&#8221;4_4&#8243; _builder_version=&#8221;4.27.4&#8243; _module_preset=&#8221;default&#8221; global_colors_info=&#8221;{}&#8221; theme_builder_area=&#8221;post_content&#8221;][\/et_pb_column][\/et_pb_row][\/et_pb_section]<\/p>","protected":false},"excerpt":{"rendered":"<p>Avem fi\u0219e de post\u2026 dar oare ele ne ajut\u0103 cu adev\u0103rat?Fi\u0219ele de post sunt adesea criticate din mai multe unghiuri, at\u00e2t de c\u0103tre companii, c\u00e2t \u0219i de c\u0103tre angaja\u021bi: Lipsa clarit\u0103\u021bii: descrieri generale, responsabilit\u0103\u021bi neprecizate, ambiguit\u0103\u021bi. Acest lucru duce la a\u0219tept\u0103ri diferite \u00eentre manager \u0219i angajat. Dep\u0103\u0219ite rapid: rolurile evolueaz\u0103 \u2013 tehnologia, proiectele, pie\u021bele se [&hellip;]<\/p>","protected":false},"author":1,"featured_media":0,"comment_status":"open","ping_status":"open","sticky":false,"template":"","format":"standard","meta":{"_et_pb_use_builder":"on","_et_pb_old_content":"","_et_gb_content_width":"","footnotes":""},"categories":[10],"tags":[],"class_list":["post-84776","post","type-post","status-publish","format-standard","hentry","category-articole"],"yoast_head":"<!-- This site is optimized with the Yoast SEO plugin v26.8 - https:\/\/yoast.com\/product\/yoast-seo-wordpress\/ -->\n<title>Avem fi\u0219e de post\u2026 dar oare ele ne ajut\u0103 cu adev\u0103rat? - Irina Cherry<\/title>\n<meta name=\"robots\" content=\"index, follow, max-snippet:-1, max-image-preview:large, max-video-preview:-1\" \/>\n<link rel=\"canonical\" href=\"https:\/\/irinacherry.com\/en\/2025\/09\/23\/84776\/\" \/>\n<meta property=\"og:locale\" content=\"en_GB\" \/>\n<meta property=\"og:type\" content=\"article\" \/>\n<meta property=\"og:title\" content=\"Avem fi\u0219e de post\u2026 dar oare ele ne ajut\u0103 cu adev\u0103rat? - Irina Cherry\" \/>\n<meta property=\"og:description\" content=\"Avem fi\u0219e de post\u2026 dar oare ele ne ajut\u0103 cu adev\u0103rat?Fi\u0219ele de post sunt adesea criticate din mai multe unghiuri, at\u00e2t de c\u0103tre companii, c\u00e2t \u0219i de c\u0103tre angaja\u021bi: Lipsa clarit\u0103\u021bii: descrieri generale, responsabilit\u0103\u021bi neprecizate, ambiguit\u0103\u021bi. Acest lucru duce la a\u0219tept\u0103ri diferite \u00eentre manager \u0219i angajat. Dep\u0103\u0219ite rapid: rolurile evolueaz\u0103 \u2013 tehnologia, proiectele, pie\u021bele se [&hellip;]\" \/>\n<meta property=\"og:url\" content=\"https:\/\/irinacherry.com\/en\/2025\/09\/23\/84776\/\" \/>\n<meta property=\"og:site_name\" content=\"Irina Cherry\" \/>\n<meta property=\"article:published_time\" content=\"2025-09-23T10:15:54+00:00\" \/>\n<meta property=\"article:modified_time\" content=\"2025-09-25T13:32:56+00:00\" \/>\n<meta name=\"author\" content=\"irinacherry\" \/>\n<meta name=\"twitter:card\" content=\"summary_large_image\" \/>\n<meta name=\"twitter:label1\" content=\"Written by\" \/>\n\t<meta name=\"twitter:data1\" content=\"irinacherry\" \/>\n<script type=\"application\/ld+json\" class=\"yoast-schema-graph\">{\"@context\":\"https:\/\/schema.org\",\"@graph\":[{\"@type\":\"Article\",\"@id\":\"https:\/\/irinacherry.com\/2025\/09\/23\/84776\/#article\",\"isPartOf\":{\"@id\":\"https:\/\/irinacherry.com\/2025\/09\/23\/84776\/\"},\"author\":{\"name\":\"irinacherry\",\"@id\":\"https:\/\/irinacherry.com\/#\/schema\/person\/aaba7238e5eb3c18a525500a5f547fbc\"},\"headline\":\"Avem fi\u0219e de post\u2026 dar oare ele ne ajut\u0103 cu adev\u0103rat?\",\"datePublished\":\"2025-09-23T10:15:54+00:00\",\"dateModified\":\"2025-09-25T13:32:56+00:00\",\"mainEntityOfPage\":{\"@id\":\"https:\/\/irinacherry.com\/2025\/09\/23\/84776\/\"},\"wordCount\":1467,\"commentCount\":0,\"articleSection\":[\"Articole\"],\"inLanguage\":\"en-GB\",\"potentialAction\":[{\"@type\":\"CommentAction\",\"name\":\"Comment\",\"target\":[\"https:\/\/irinacherry.com\/2025\/09\/23\/84776\/#respond\"]}]},{\"@type\":\"WebPage\",\"@id\":\"https:\/\/irinacherry.com\/2025\/09\/23\/84776\/\",\"url\":\"https:\/\/irinacherry.com\/2025\/09\/23\/84776\/\",\"name\":\"Avem fi\u0219e de post\u2026 dar oare ele ne ajut\u0103 cu adev\u0103rat? - Irina Cherry\",\"isPartOf\":{\"@id\":\"https:\/\/irinacherry.com\/#website\"},\"datePublished\":\"2025-09-23T10:15:54+00:00\",\"dateModified\":\"2025-09-25T13:32:56+00:00\",\"author\":{\"@id\":\"https:\/\/irinacherry.com\/#\/schema\/person\/aaba7238e5eb3c18a525500a5f547fbc\"},\"breadcrumb\":{\"@id\":\"https:\/\/irinacherry.com\/2025\/09\/23\/84776\/#breadcrumb\"},\"inLanguage\":\"en-GB\",\"potentialAction\":[{\"@type\":\"ReadAction\",\"target\":[\"https:\/\/irinacherry.com\/2025\/09\/23\/84776\/\"]}]},{\"@type\":\"BreadcrumbList\",\"@id\":\"https:\/\/irinacherry.com\/2025\/09\/23\/84776\/#breadcrumb\",\"itemListElement\":[{\"@type\":\"ListItem\",\"position\":1,\"name\":\"Prima pagin\u0103\",\"item\":\"https:\/\/irinacherry.com\/\"},{\"@type\":\"ListItem\",\"position\":2,\"name\":\"Avem fi\u0219e de post\u2026 dar oare ele ne ajut\u0103 cu adev\u0103rat?\"}]},{\"@type\":\"WebSite\",\"@id\":\"https:\/\/irinacherry.com\/#website\",\"url\":\"https:\/\/irinacherry.com\/\",\"name\":\"Irina Cherry\",\"description\":\"Expert Resurse Umane &amp; Coach de carier\u0103\",\"potentialAction\":[{\"@type\":\"SearchAction\",\"target\":{\"@type\":\"EntryPoint\",\"urlTemplate\":\"https:\/\/irinacherry.com\/?s={search_term_string}\"},\"query-input\":{\"@type\":\"PropertyValueSpecification\",\"valueRequired\":true,\"valueName\":\"search_term_string\"}}],\"inLanguage\":\"en-GB\"},{\"@type\":\"Person\",\"@id\":\"https:\/\/irinacherry.com\/#\/schema\/person\/aaba7238e5eb3c18a525500a5f547fbc\",\"name\":\"irinacherry\",\"image\":{\"@type\":\"ImageObject\",\"inLanguage\":\"en-GB\",\"@id\":\"https:\/\/irinacherry.com\/#\/schema\/person\/image\/\",\"url\":\"https:\/\/secure.gravatar.com\/avatar\/ae7c7262dc6579187f42d957e82befb334e19d53ba85881ee364cfc06ab1480e?s=96&d=mm&r=g\",\"contentUrl\":\"https:\/\/secure.gravatar.com\/avatar\/ae7c7262dc6579187f42d957e82befb334e19d53ba85881ee364cfc06ab1480e?s=96&d=mm&r=g\",\"caption\":\"irinacherry\"},\"sameAs\":[\"https:\/\/irinacherry.com\"],\"url\":\"https:\/\/irinacherry.com\/en\/author\/irinacherry\/\"}]}<\/script>\n<!-- \/ Yoast SEO plugin. -->","yoast_head_json":{"title":"Avem fi\u0219e de post\u2026 dar oare ele ne ajut\u0103 cu adev\u0103rat? - Irina Cherry","robots":{"index":"index","follow":"follow","max-snippet":"max-snippet:-1","max-image-preview":"max-image-preview:large","max-video-preview":"max-video-preview:-1"},"canonical":"https:\/\/irinacherry.com\/en\/2025\/09\/23\/84776\/","og_locale":"en_GB","og_type":"article","og_title":"Avem fi\u0219e de post\u2026 dar oare ele ne ajut\u0103 cu adev\u0103rat? - Irina Cherry","og_description":"Avem fi\u0219e de post\u2026 dar oare ele ne ajut\u0103 cu adev\u0103rat?Fi\u0219ele de post sunt adesea criticate din mai multe unghiuri, at\u00e2t de c\u0103tre companii, c\u00e2t \u0219i de c\u0103tre angaja\u021bi: Lipsa clarit\u0103\u021bii: descrieri generale, responsabilit\u0103\u021bi neprecizate, ambiguit\u0103\u021bi. Acest lucru duce la a\u0219tept\u0103ri diferite \u00eentre manager \u0219i angajat. Dep\u0103\u0219ite rapid: rolurile evolueaz\u0103 \u2013 tehnologia, proiectele, pie\u021bele se [&hellip;]","og_url":"https:\/\/irinacherry.com\/en\/2025\/09\/23\/84776\/","og_site_name":"Irina Cherry","article_published_time":"2025-09-23T10:15:54+00:00","article_modified_time":"2025-09-25T13:32:56+00:00","author":"irinacherry","twitter_card":"summary_large_image","twitter_misc":{"Written by":"irinacherry"},"schema":{"@context":"https:\/\/schema.org","@graph":[{"@type":"Article","@id":"https:\/\/irinacherry.com\/2025\/09\/23\/84776\/#article","isPartOf":{"@id":"https:\/\/irinacherry.com\/2025\/09\/23\/84776\/"},"author":{"name":"irinacherry","@id":"https:\/\/irinacherry.com\/#\/schema\/person\/aaba7238e5eb3c18a525500a5f547fbc"},"headline":"Avem fi\u0219e de post\u2026 dar oare ele ne ajut\u0103 cu adev\u0103rat?","datePublished":"2025-09-23T10:15:54+00:00","dateModified":"2025-09-25T13:32:56+00:00","mainEntityOfPage":{"@id":"https:\/\/irinacherry.com\/2025\/09\/23\/84776\/"},"wordCount":1467,"commentCount":0,"articleSection":["Articole"],"inLanguage":"en-GB","potentialAction":[{"@type":"CommentAction","name":"Comment","target":["https:\/\/irinacherry.com\/2025\/09\/23\/84776\/#respond"]}]},{"@type":"WebPage","@id":"https:\/\/irinacherry.com\/2025\/09\/23\/84776\/","url":"https:\/\/irinacherry.com\/2025\/09\/23\/84776\/","name":"Avem fi\u0219e de post\u2026 dar oare ele ne ajut\u0103 cu adev\u0103rat? - Irina Cherry","isPartOf":{"@id":"https:\/\/irinacherry.com\/#website"},"datePublished":"2025-09-23T10:15:54+00:00","dateModified":"2025-09-25T13:32:56+00:00","author":{"@id":"https:\/\/irinacherry.com\/#\/schema\/person\/aaba7238e5eb3c18a525500a5f547fbc"},"breadcrumb":{"@id":"https:\/\/irinacherry.com\/2025\/09\/23\/84776\/#breadcrumb"},"inLanguage":"en-GB","potentialAction":[{"@type":"ReadAction","target":["https:\/\/irinacherry.com\/2025\/09\/23\/84776\/"]}]},{"@type":"BreadcrumbList","@id":"https:\/\/irinacherry.com\/2025\/09\/23\/84776\/#breadcrumb","itemListElement":[{"@type":"ListItem","position":1,"name":"Prima pagin\u0103","item":"https:\/\/irinacherry.com\/"},{"@type":"ListItem","position":2,"name":"Avem fi\u0219e de post\u2026 dar oare ele ne ajut\u0103 cu adev\u0103rat?"}]},{"@type":"WebSite","@id":"https:\/\/irinacherry.com\/#website","url":"https:\/\/irinacherry.com\/","name":"Irina Cherry","description":"Expert Resurse Umane &amp; Coach de carier\u0103","potentialAction":[{"@type":"SearchAction","target":{"@type":"EntryPoint","urlTemplate":"https:\/\/irinacherry.com\/?s={search_term_string}"},"query-input":{"@type":"PropertyValueSpecification","valueRequired":true,"valueName":"search_term_string"}}],"inLanguage":"en-GB"},{"@type":"Person","@id":"https:\/\/irinacherry.com\/#\/schema\/person\/aaba7238e5eb3c18a525500a5f547fbc","name":"irinacherry","image":{"@type":"ImageObject","inLanguage":"en-GB","@id":"https:\/\/irinacherry.com\/#\/schema\/person\/image\/","url":"https:\/\/secure.gravatar.com\/avatar\/ae7c7262dc6579187f42d957e82befb334e19d53ba85881ee364cfc06ab1480e?s=96&d=mm&r=g","contentUrl":"https:\/\/secure.gravatar.com\/avatar\/ae7c7262dc6579187f42d957e82befb334e19d53ba85881ee364cfc06ab1480e?s=96&d=mm&r=g","caption":"irinacherry"},"sameAs":["https:\/\/irinacherry.com"],"url":"https:\/\/irinacherry.com\/en\/author\/irinacherry\/"}]}},"_links":{"self":[{"href":"https:\/\/irinacherry.com\/en\/wp-json\/wp\/v2\/posts\/84776","targetHints":{"allow":["GET"]}}],"collection":[{"href":"https:\/\/irinacherry.com\/en\/wp-json\/wp\/v2\/posts"}],"about":[{"href":"https:\/\/irinacherry.com\/en\/wp-json\/wp\/v2\/types\/post"}],"author":[{"embeddable":true,"href":"https:\/\/irinacherry.com\/en\/wp-json\/wp\/v2\/users\/1"}],"replies":[{"embeddable":true,"href":"https:\/\/irinacherry.com\/en\/wp-json\/wp\/v2\/comments?post=84776"}],"version-history":[{"count":13,"href":"https:\/\/irinacherry.com\/en\/wp-json\/wp\/v2\/posts\/84776\/revisions"}],"predecessor-version":[{"id":84887,"href":"https:\/\/irinacherry.com\/en\/wp-json\/wp\/v2\/posts\/84776\/revisions\/84887"}],"wp:attachment":[{"href":"https:\/\/irinacherry.com\/en\/wp-json\/wp\/v2\/media?parent=84776"}],"wp:term":[{"taxonomy":"category","embeddable":true,"href":"https:\/\/irinacherry.com\/en\/wp-json\/wp\/v2\/categories?post=84776"},{"taxonomy":"post_tag","embeddable":true,"href":"https:\/\/irinacherry.com\/en\/wp-json\/wp\/v2\/tags?post=84776"}],"curies":[{"name":"wp","href":"https:\/\/api.w.org\/{rel}","templated":true}]}}